{"id":27657,"date":"2016-06-18T12:33:00","date_gmt":"2016-06-18T10:33:00","guid":{"rendered":"https:\/\/new.symphonia-assai.be\/?p=27657"},"modified":"2025-11-04T11:53:40","modified_gmt":"2025-11-04T10:53:40","slug":"northern-lights","status":"publish","type":"post","link":"https:\/\/symphonia-assai.be\/en\/northern-lights\/","title":{"rendered":"Northern Lights"},"content":{"rendered":"\t\t<div data-elementor-type=\"wp-post\" data-elementor-id=\"27657\" class=\"elementor elementor-27657\" data-elementor-post-type=\"post\">\n\t\t\t\t<div class=\"elementor-element elementor-element-718165c1 e-flex e-con-boxed e-con e-parent\" data-id=\"718165c1\" data-element_type=\"container\" data-e-type=\"container\" data-settings=\"{&quot;ekit_has_onepagescroll_dot&quot;:&quot;yes&quot;}\">\n\t\t\t\t\t<div class=\"e-con-inner\">\n\t\t\t\t<div class=\"elementor-element elementor-element-43f580b0 elementor-widget elementor-widget-text-editor\" data-id=\"43f580b0\" data-element_type=\"widget\" data-e-type=\"widget\" data-settings=\"{&quot;ekit_we_effect_on&quot;:&quot;none&quot;}\" data-widget_type=\"text-editor.default\">\n\t\t\t\t<div class=\"elementor-widget-container\">\n\t\t\t\t\t\t\t\t\t<p><span class=\"especialO1\">symphoniaASSAI<\/span>\u00a0is happy to announce\u200b a \u200bcollaboration with the\u00a0<a href=\"http:\/\/www.brusselschoralsociety.com\/calendar\/\" target=\"_blank\" rel=\"noopener\"><span class=\"especialO1\">Brussels Choir Society<\/span><\/a>, \u200bwith \u200ba beautiful program for \u200bchoir and \u200bstring orchestra together with soloist\u200b Catherine Leclerc under the baton of Eric Delson.\u200b \u200b<\/p>\n<p>\u200b<span class=\"especialO1\">Northern Lights\u200b<\/span>\u00a0present\u200bs\u200b an introduction to the individual sound worlds of Kim Andr\u00e9 Arnesen, \u0112riks E\u0161envalds and Ola Gjeilo &#8211; contemporary composers of choral music of outstanding\u200b \u200bmelodic and harmonious richness. Originally from the north of Europe, their music is becoming internationally known and has already received enthusiastic critical acclaim from audiences and performers alike.<\/p>\n<p>The music of Grieg, probably Northern Europe\u2019s most famous romantic composer, is also \u200bpresent\u200b in the programme\u200b, \u200bincluding his attractive Holberg Suite for string orchestra.<\/p>\n<p>More information about the BCS activities and tickets\u00a0<a href=\"https:\/\/www.eventbrite.co.uk\/e\/northern-lights-tickets-24543883416\" target=\"_blank\" rel=\"noopener\">here<\/a>!<\/p>\t\t\t\t\t\t\t\t<\/div>\n\t\t\t\t<\/div>\n\t\t\t\t\t<\/div>\n\t\t\t\t<\/div>\n\t\t\t\t<\/div>\n\t\t","protected":false},"excerpt":{"rendered":"<p>symphoniaASSAI\u00a0is happy to announce\u200b a \u200bcollaboration with the\u00a0Brussels Choir Society, \u200bwith \u200ba beautiful program for \u200bchoir and \u200bstring orchestra together with soloist\u200b Catherine Leclerc under the baton of Eric Delson.\u200b [&hellip;]<\/p>\n","protected":false},"author":1249,"featured_media":27658,"comment_status":"closed","ping_status":"open","sticky":false,"template":"","format":"standard","meta":{"om_disable_all_campaigns":false,"_monsterinsights_skip_tracking":false,"_monsterinsights_sitenote_active":false,"_monsterinsights_sitenote_note":"","_monsterinsights_sitenote_category":0,"jetpack_post_was_ever_published":false,"_jetpack_newsletter_access":"","_jetpack_dont_email_post_to_subs":false,"_jetpack_newsletter_tier_id":0,"_jetpack_memberships_contains_paywalled_content":false,"_jetpack_memberships_contains_paid_content":false,"footnotes":""},"categories":[1],"tags":[],"class_list":["post-27657","post","type-post","status-publish","format-standard","has-post-thumbnail","hentry","category-sin-categoria"],"aioseo_notices":[],"jetpack_featured_media_url":"https:\/\/symphonia-assai.be\/wp-content\/uploads\/2025\/10\/Northern_Lights.jpg","jetpack_sharing_enabled":true,"_links":{"self":[{"href":"https:\/\/symphonia-assai.be\/en\/wp-json\/wp\/v2\/posts\/27657","targetHints":{"allow":["GET"]}}],"collection":[{"href":"https:\/\/symphonia-assai.be\/en\/wp-json\/wp\/v2\/posts"}],"about":[{"href":"https:\/\/symphonia-assai.be\/en\/wp-json\/wp\/v2\/types\/post"}],"author":[{"embeddable":true,"href":"https:\/\/symphonia-assai.be\/en\/wp-json\/wp\/v2\/users\/1249"}],"replies":[{"embeddable":true,"href":"https:\/\/symphonia-assai.be\/en\/wp-json\/wp\/v2\/comments?post=27657"}],"version-history":[{"count":7,"href":"https:\/\/symphonia-assai.be\/en\/wp-json\/wp\/v2\/posts\/27657\/revisions"}],"predecessor-version":[{"id":29798,"href":"https:\/\/symphonia-assai.be\/en\/wp-json\/wp\/v2\/posts\/27657\/revisions\/29798"}],"wp:featuredmedia":[{"embeddable":true,"href":"https:\/\/symphonia-assai.be\/en\/wp-json\/wp\/v2\/media\/27658"}],"wp:attachment":[{"href":"https:\/\/symphonia-assai.be\/en\/wp-json\/wp\/v2\/media?parent=27657"}],"wp:term":[{"taxonomy":"category","embeddable":true,"href":"https:\/\/symphonia-assai.be\/en\/wp-json\/wp\/v2\/categories?post=27657"},{"taxonomy":"post_tag","embeddable":true,"href":"https:\/\/symphonia-assai.be\/en\/wp-json\/wp\/v2\/tags?post=27657"}],"curies":[{"name":"wp","href":"https:\/\/api.w.org\/{rel}","templated":true}]}}